{"id":14444,"date":"2026-04-29T09:15:11","date_gmt":"2026-04-29T12:15:11","guid":{"rendered":"https:\/\/www.incoop.gov.py\/?p=14444"},"modified":"2026-04-29T09:15:11","modified_gmt":"2026-04-29T12:15:11","slug":"sesion-plenaria-de-la-recm-con-foco-en-la-integracion-y-desarrollo-cooperativo-regional","status":"publish","type":"post","link":"https:\/\/www.incoop.gov.py\/?p=14444","title":{"rendered":"Sesi\u00f3n Plenaria de la RECM, con foco en la integraci\u00f3n y desarrollo cooperativo regional."},"content":{"rendered":"<p><img fetchpriority=\"high\" decoding=\"async\" class=\"alignnone size-large wp-image-14449\" src=\"https:\/\/www.incoop.gov.py\/wp-content\/uploads\/2026\/04\/plenaria-RECM-3-1024x683.jpg\" alt=\"\" width=\"800\" height=\"534\" srcset=\"https:\/\/www.incoop.gov.py\/wp-content\/uploads\/2026\/04\/plenaria-RECM-3-1024x683.jpg 1024w, https:\/\/www.incoop.gov.py\/wp-content\/uploads\/2026\/04\/plenaria-RECM-3-300x200.jpg 300w, https:\/\/www.incoop.gov.py\/wp-content\/uploads\/2026\/04\/plenaria-RECM-3-768x512.jpg 768w, https:\/\/www.incoop.gov.py\/wp-content\/uploads\/2026\/04\/plenaria-RECM-3-1536x1024.jpg 1536w, https:\/\/www.incoop.gov.py\/wp-content\/uploads\/2026\/04\/plenaria-RECM-3-2048x1365.jpg 2048w\" sizes=\"(max-width: 800px) 100vw, 800px\" \/><img decoding=\"async\" class=\"alignnone size-large wp-image-14448\" src=\"https:\/\/www.incoop.gov.py\/wp-content\/uploads\/2026\/04\/plenaria-RECM-2-1024x683.jpg\" alt=\"\" width=\"800\" height=\"534\" srcset=\"https:\/\/www.incoop.gov.py\/wp-content\/uploads\/2026\/04\/plenaria-RECM-2-1024x683.jpg 1024w, https:\/\/www.incoop.gov.py\/wp-content\/uploads\/2026\/04\/plenaria-RECM-2-300x200.jpg 300w, https:\/\/www.incoop.gov.py\/wp-content\/uploads\/2026\/04\/plenaria-RECM-2-768x512.jpg 768w, https:\/\/www.incoop.gov.py\/wp-content\/uploads\/2026\/04\/plenaria-RECM-2-1536x1024.jpg 1536w, https:\/\/www.incoop.gov.py\/wp-content\/uploads\/2026\/04\/plenaria-RECM-2-2048x1365.jpg 2048w\" sizes=\"(max-width: 800px) 100vw, 800px\" \/><img decoding=\"async\" class=\"alignnone size-large wp-image-14446\" src=\"https:\/\/www.incoop.gov.py\/wp-content\/uploads\/2026\/04\/plenaria-RECM-1-1024x683.jpg\" alt=\"\" width=\"800\" height=\"534\" srcset=\"https:\/\/www.incoop.gov.py\/wp-content\/uploads\/2026\/04\/plenaria-RECM-1-1024x683.jpg 1024w, https:\/\/www.incoop.gov.py\/wp-content\/uploads\/2026\/04\/plenaria-RECM-1-300x200.jpg 300w, https:\/\/www.incoop.gov.py\/wp-content\/uploads\/2026\/04\/plenaria-RECM-1-768x512.jpg 768w, https:\/\/www.incoop.gov.py\/wp-content\/uploads\/2026\/04\/plenaria-RECM-1-1536x1024.jpg 1536w, https:\/\/www.incoop.gov.py\/wp-content\/uploads\/2026\/04\/plenaria-RECM-1-2048x1365.jpg 2048w\" sizes=\"(max-width: 800px) 100vw, 800px\" \/><img loading=\"lazy\" decoding=\"async\" class=\"alignnone size-large wp-image-14445\" src=\"https:\/\/www.incoop.gov.py\/wp-content\/uploads\/2026\/04\/plenaria-RECM-1-1024x1024.jpeg\" alt=\"\" width=\"800\" height=\"800\" srcset=\"https:\/\/www.incoop.gov.py\/wp-content\/uploads\/2026\/04\/plenaria-RECM-1-1024x1024.jpeg 1024w, https:\/\/www.incoop.gov.py\/wp-content\/uploads\/2026\/04\/plenaria-RECM-1-300x300.jpeg 300w, https:\/\/www.incoop.gov.py\/wp-content\/uploads\/2026\/04\/plenaria-RECM-1-150x150.jpeg 150w, https:\/\/www.incoop.gov.py\/wp-content\/uploads\/2026\/04\/plenaria-RECM-1-768x768.jpeg 768w, https:\/\/www.incoop.gov.py\/wp-content\/uploads\/2026\/04\/plenaria-RECM-1-1536x1536.jpeg 1536w, https:\/\/www.incoop.gov.py\/wp-content\/uploads\/2026\/04\/plenaria-RECM-1.jpeg 1600w\" sizes=\"(max-width: 800px) 100vw, 800px\" \/><\/p>\n<p>Se celebr\u00f3 la LXXV Sesi\u00f3n Plenaria de la Reuni\u00f3n Especializada de Cooperativas del MERCOSUR-RECM, \u00a0bajo la Presidencia Pro T\u00e9mpore de Paraguay y llevada a cabo en la sede de la CONCOPAR LTDA, en formato virtual.<\/p>\n<p>Participaron delegaciones del sector cooperativo de Argentina, Brasil, Uruguay y Paraguay, oportunidad en la cual compartieron acciones y avances del movimiento cooperativo principalmente en el primer cuatrimestre del a\u00f1o.<\/p>\n<p>Cabe destacar que la plenaria cont\u00f3 con la participaci\u00f3n de Chile, a trav\u00e9s de la Asociaci\u00f3n Nacional de Cooperativas de Chile.<\/p>\n<p>Los temas abordados se enfocaron en el fortalecimiento del cooperativismo en la regi\u00f3n y el impacto de las cooperativas en el desarrollo tanto econ\u00f3mico como social.<\/p>\n<p>El Coordinador Nacional RECM Paraguay, Carlos Romero Roa destac\u00f3 que este tipo de encuentros es fundamental para coordinar pol\u00edticas p\u00fablicas y el desarrollo cooperativo entre los pa\u00edses del MERCOSUR.<\/p>\n","protected":false},"excerpt":{"rendered":"<p>Se celebr\u00f3 la LXXV Sesi\u00f3n Plenaria de la Reuni\u00f3n Especializada de Cooperativas del MERCOSUR-RECM, \u00a0bajo la Presidencia Pro T\u00e9mpore de Paraguay y llevada a cabo en la sede de la CONCOPAR LTDA, en formato virtual. Participaron delegaciones del sector cooperativo de Argentina, Brasil, Uruguay y Paraguay, oportunidad en la cual compartieron acciones y avances del [&hellip;]<\/p>\n","protected":false},"author":6,"featured_media":14448,"comment_status":"closed","ping_status":"closed","sticky":false,"template":"","format":"standard","meta":{"footnotes":""},"categories":[25,20,26,10],"tags":[],"class_list":["post-14444","post","type-post","status-publish","format-standard","has-post-thumbnail","hentry","category-calendario-de-eventos","category-destacado","category-incoop-en-los-medios","category-noticias"],"jetpack_featured_media_url":"https:\/\/www.incoop.gov.py\/wp-content\/uploads\/2026\/04\/plenaria-RECM-2-scaled.jpg","_links":{"self":[{"href":"https:\/\/www.incoop.gov.py\/index.php?rest_route=\/wp\/v2\/posts\/14444","targetHints":{"allow":["GET"]}}],"collection":[{"href":"https:\/\/www.incoop.gov.py\/index.php?rest_route=\/wp\/v2\/posts"}],"about":[{"href":"https:\/\/www.incoop.gov.py\/index.php?rest_route=\/wp\/v2\/types\/post"}],"author":[{"embeddable":true,"href":"https:\/\/www.incoop.gov.py\/index.php?rest_route=\/wp\/v2\/users\/6"}],"replies":[{"embeddable":true,"href":"https:\/\/www.incoop.gov.py\/index.php?rest_route=%2Fwp%2Fv2%2Fcomments&post=14444"}],"version-history":[{"count":2,"href":"https:\/\/www.incoop.gov.py\/index.php?rest_route=\/wp\/v2\/posts\/14444\/revisions"}],"predecessor-version":[{"id":14452,"href":"https:\/\/www.incoop.gov.py\/index.php?rest_route=\/wp\/v2\/posts\/14444\/revisions\/14452"}],"wp:featuredmedia":[{"embeddable":true,"href":"https:\/\/www.incoop.gov.py\/index.php?rest_route=\/wp\/v2\/media\/14448"}],"wp:attachment":[{"href":"https:\/\/www.incoop.gov.py\/index.php?rest_route=%2Fwp%2Fv2%2Fmedia&parent=14444"}],"wp:term":[{"taxonomy":"category","embeddable":true,"href":"https:\/\/www.incoop.gov.py\/index.php?rest_route=%2Fwp%2Fv2%2Fcategories&post=14444"},{"taxonomy":"post_tag","embeddable":true,"href":"https:\/\/www.incoop.gov.py\/index.php?rest_route=%2Fwp%2Fv2%2Ftags&post=14444"}],"curies":[{"name":"wp","href":"https:\/\/api.w.org\/{rel}","templated":true}]}}